{"id":1833,"date":"2024-01-04T08:35:52","date_gmt":"2024-01-04T11:35:52","guid":{"rendered":"https:\/\/gustavopozzi.com.br\/?p=1833"},"modified":"2024-01-04T08:35:52","modified_gmt":"2024-01-04T11:35:52","slug":"celebracao-de-acao-de-gracas","status":"publish","type":"post","link":"https:\/\/gustavopozzi.com.br\/index.php\/2024\/01\/04\/celebracao-de-acao-de-gracas\/","title":{"rendered":"Celebra\u00e7\u00e3o de A\u00e7\u00e3o de Gra\u00e7as"},"content":{"rendered":"\n<p>No dia 29\/12\/21,  tive a oportunidade de participar da Celebra\u00e7\u00e3o de A\u00e7\u00e3o de Gra\u00e7as pelo ano de 2021 na Par\u00f3quia S\u00e3o Jo\u00e3o Batista.<\/p>\n\n\n\n<figure class=\"wp-block-image size-full\"><img fetchpriority=\"high\" decoding=\"async\" width=\"512\" height=\"640\" src=\"https:\/\/gustavopozzi.com.br\/wp-content\/uploads\/2024\/01\/acao-de-gracas-sao-joao-batista.jpg\" alt=\"\" class=\"wp-image-1834\" srcset=\"https:\/\/gustavopozzi.com.br\/wp-content\/uploads\/2024\/01\/acao-de-gracas-sao-joao-batista.jpg 512w, https:\/\/gustavopozzi.com.br\/wp-content\/uploads\/2024\/01\/acao-de-gracas-sao-joao-batista-240x300.jpg 240w\" sizes=\"(max-width: 512px) 100vw, 512px\" \/><\/figure>\n","protected":false},"excerpt":{"rendered":"<p>No dia 29\/12\/21, tive a oportunidade de participar da Celebra\u00e7\u00e3o de A\u00e7\u00e3o de Gra\u00e7as pelo ano de 2021 na Par\u00f3quia S\u00e3o Jo\u00e3o Batista.<\/p>\n","protected":false},"author":4,"featured_media":1834,"comment_status":"closed","ping_status":"open","sticky":false,"template":"","format":"standard","meta":{"footnotes":""},"categories":[27,26],"tags":[],"class_list":["post-1833","post","type-post","status-publish","format-standard","has-post-thumbnail","hentry","category-acoes-igrejas-catolicas","category-vereador"],"_links":{"self":[{"href":"https:\/\/gustavopozzi.com.br\/index.php\/wp-json\/wp\/v2\/posts\/1833","targetHints":{"allow":["GET"]}}],"collection":[{"href":"https:\/\/gustavopozzi.com.br\/index.php\/wp-json\/wp\/v2\/posts"}],"about":[{"href":"https:\/\/gustavopozzi.com.br\/index.php\/wp-json\/wp\/v2\/types\/post"}],"author":[{"embeddable":true,"href":"https:\/\/gustavopozzi.com.br\/index.php\/wp-json\/wp\/v2\/users\/4"}],"replies":[{"embeddable":true,"href":"https:\/\/gustavopozzi.com.br\/index.php\/wp-json\/wp\/v2\/comments?post=1833"}],"version-history":[{"count":1,"href":"https:\/\/gustavopozzi.com.br\/index.php\/wp-json\/wp\/v2\/posts\/1833\/revisions"}],"predecessor-version":[{"id":1835,"href":"https:\/\/gustavopozzi.com.br\/index.php\/wp-json\/wp\/v2\/posts\/1833\/revisions\/1835"}],"wp:featuredmedia":[{"embeddable":true,"href":"https:\/\/gustavopozzi.com.br\/index.php\/wp-json\/wp\/v2\/media\/1834"}],"wp:attachment":[{"href":"https:\/\/gustavopozzi.com.br\/index.php\/wp-json\/wp\/v2\/media?parent=1833"}],"wp:term":[{"taxonomy":"category","embeddable":true,"href":"https:\/\/gustavopozzi.com.br\/index.php\/wp-json\/wp\/v2\/categories?post=1833"},{"taxonomy":"post_tag","embeddable":true,"href":"https:\/\/gustavopozzi.com.br\/index.php\/wp-json\/wp\/v2\/tags?post=1833"}],"curies":[{"name":"wp","href":"https:\/\/api.w.org\/{rel}","templated":true}]}}