{"id":1770,"date":"2024-01-03T16:23:17","date_gmt":"2024-01-03T19:23:17","guid":{"rendered":"https:\/\/gustavopozzi.com.br\/?p=1770"},"modified":"2024-01-03T16:25:34","modified_gmt":"2024-01-03T19:25:34","slug":"entrega-de-mocao-de-congratulacao-a-dom-eduardo-malaspina","status":"publish","type":"post","link":"https:\/\/gustavopozzi.com.br\/index.php\/2024\/01\/03\/entrega-de-mocao-de-congratulacao-a-dom-eduardo-malaspina\/","title":{"rendered":"Entrega de Mo\u00e7\u00e3o de Congratula\u00e7\u00e3o a Dom Eduardo Malaspina"},"content":{"rendered":"\n<p>No dia 28\/10\/2021, tivemos a visita de Dom Eduardo na C\u00e2mara Municipal. Na oportunidade entregamos uma mo\u00e7\u00e3o de congratula\u00e7\u00e3o, reconhecendo o tempo que ele ficou como Bispo Auxiliar e posteriormente com administrador diocesano.<\/p>\n\n\n\n<figure class=\"wp-block-image size-large\"><img fetchpriority=\"high\" decoding=\"async\" width=\"1024\" height=\"1024\" src=\"https:\/\/gustavopozzi.com.br\/wp-content\/uploads\/2024\/01\/dom-eduardo-2-1024x1024.jpg\" alt=\"\" class=\"wp-image-1774\" srcset=\"https:\/\/gustavopozzi.com.br\/wp-content\/uploads\/2024\/01\/dom-eduardo-2-1024x1024.jpg 1024w, https:\/\/gustavopozzi.com.br\/wp-content\/uploads\/2024\/01\/dom-eduardo-2-300x300.jpg 300w, https:\/\/gustavopozzi.com.br\/wp-content\/uploads\/2024\/01\/dom-eduardo-2-150x150.jpg 150w, https:\/\/gustavopozzi.com.br\/wp-content\/uploads\/2024\/01\/dom-eduardo-2-768x768.jpg 768w, https:\/\/gustavopozzi.com.br\/wp-content\/uploads\/2024\/01\/dom-eduardo-2.jpg 1080w\" sizes=\"(max-width: 1024px) 100vw, 1024px\" \/><\/figure>\n","protected":false},"excerpt":{"rendered":"<p>No dia 28\/10\/2021, tivemos a visita de Dom Eduardo na C\u00e2mara Municipal. Na oportunidade entregamos uma mo\u00e7\u00e3o de congratula\u00e7\u00e3o, reconhecendo o tempo que ele ficou como Bispo Auxiliar e posteriormente &#8230;<\/p>\n","protected":false},"author":4,"featured_media":1774,"comment_status":"closed","ping_status":"open","sticky":false,"template":"","format":"standard","meta":{"footnotes":""},"categories":[27,26],"tags":[],"class_list":["post-1770","post","type-post","status-publish","format-standard","has-post-thumbnail","hentry","category-acoes-igrejas-catolicas","category-vereador"],"_links":{"self":[{"href":"https:\/\/gustavopozzi.com.br\/index.php\/wp-json\/wp\/v2\/posts\/1770","targetHints":{"allow":["GET"]}}],"collection":[{"href":"https:\/\/gustavopozzi.com.br\/index.php\/wp-json\/wp\/v2\/posts"}],"about":[{"href":"https:\/\/gustavopozzi.com.br\/index.php\/wp-json\/wp\/v2\/types\/post"}],"author":[{"embeddable":true,"href":"https:\/\/gustavopozzi.com.br\/index.php\/wp-json\/wp\/v2\/users\/4"}],"replies":[{"embeddable":true,"href":"https:\/\/gustavopozzi.com.br\/index.php\/wp-json\/wp\/v2\/comments?post=1770"}],"version-history":[{"count":2,"href":"https:\/\/gustavopozzi.com.br\/index.php\/wp-json\/wp\/v2\/posts\/1770\/revisions"}],"predecessor-version":[{"id":1775,"href":"https:\/\/gustavopozzi.com.br\/index.php\/wp-json\/wp\/v2\/posts\/1770\/revisions\/1775"}],"wp:featuredmedia":[{"embeddable":true,"href":"https:\/\/gustavopozzi.com.br\/index.php\/wp-json\/wp\/v2\/media\/1774"}],"wp:attachment":[{"href":"https:\/\/gustavopozzi.com.br\/index.php\/wp-json\/wp\/v2\/media?parent=1770"}],"wp:term":[{"taxonomy":"category","embeddable":true,"href":"https:\/\/gustavopozzi.com.br\/index.php\/wp-json\/wp\/v2\/categories?post=1770"},{"taxonomy":"post_tag","embeddable":true,"href":"https:\/\/gustavopozzi.com.br\/index.php\/wp-json\/wp\/v2\/tags?post=1770"}],"curies":[{"name":"wp","href":"https:\/\/api.w.org\/{rel}","templated":true}]}}