{"id":1764,"date":"2024-01-03T16:15:41","date_gmt":"2024-01-03T19:15:41","guid":{"rendered":"https:\/\/gustavopozzi.com.br\/?p=1764"},"modified":"2024-01-03T16:15:41","modified_gmt":"2024-01-03T19:15:41","slug":"carta-de-acolhimento","status":"publish","type":"post","link":"https:\/\/gustavopozzi.com.br\/index.php\/2024\/01\/03\/carta-de-acolhimento\/","title":{"rendered":"CARTA DE ACOLHIMENTO"},"content":{"rendered":"\n<p>O vereador Gustavo Pozzi, se alegra, na manh\u00e3 do dia 20\/10\/2021, pela nomea\u00e7\u00e3o do novo Bispo Diocesano, Dom Luiz Carlos Dias.<\/p>\n\n\n\n<p>Sa\u00fada aquele que o cora\u00e7\u00e3o do Bom Pastor elegeu para conduzir a Diocese de S\u00e3o Carlos.<\/p>\n\n\n\n<p><a><\/a>Durante o per\u00edodo de espera do novo Bispo, a Diocese, unida com o Bispo-auxiliar Dom Eduardo Malaspina, permaneceu em ora\u00e7\u00e3o aguardando o dia de sua nomea\u00e7\u00e3o, que aconteceu no dia de hoje (20).<\/p>\n\n\n\n<p>Acolhemos com muita felicidade o novo Bispo Dom Luiz Carlos Dias, que vem confirmar os irm\u00e3os na f\u00e9 e conduzi-los com fidelidade no seguimento de Jesus.<\/p>\n\n\n\n<p>O lema que inspira o seu minist\u00e9rio episcopal \u201cVim Para Servir\u201d, nos tr\u00e1s esperan\u00e7a e confian\u00e7a para continuar a Miss\u00e3o, diante dos desafios que hoje os s\u00e3o apresentados.<\/p>\n\n\n\n<p>Suplicamos a S\u00e3o Carlos Borromeu e a Virgem Maria, que com amor materno, torne fecundo o seu minist\u00e9rio episcopal nesta Igreja.<\/p>\n\n\n\n<p>Gustavo Pozzi<\/p>\n\n\n\n<p>Vereador (PL)<\/p>\n\n\n\n<figure class=\"wp-block-image size-full\"><img fetchpriority=\"high\" decoding=\"async\" width=\"526\" height=\"526\" src=\"https:\/\/gustavopozzi.com.br\/wp-content\/uploads\/2024\/01\/D.-Luiz.jpg\" alt=\"\" class=\"wp-image-1765\" srcset=\"https:\/\/gustavopozzi.com.br\/wp-content\/uploads\/2024\/01\/D.-Luiz.jpg 526w, https:\/\/gustavopozzi.com.br\/wp-content\/uploads\/2024\/01\/D.-Luiz-300x300.jpg 300w, https:\/\/gustavopozzi.com.br\/wp-content\/uploads\/2024\/01\/D.-Luiz-150x150.jpg 150w\" sizes=\"(max-width: 526px) 100vw, 526px\" \/><\/figure>\n","protected":false},"excerpt":{"rendered":"<p>O vereador Gustavo Pozzi, se alegra, na manh\u00e3 do dia 20\/10\/2021, pela nomea\u00e7\u00e3o do novo Bispo Diocesano, Dom Luiz Carlos Dias. Sa\u00fada aquele que o cora\u00e7\u00e3o do Bom Pastor elegeu &#8230;<\/p>\n","protected":false},"author":4,"featured_media":1765,"comment_status":"closed","ping_status":"open","sticky":false,"template":"","format":"standard","meta":{"footnotes":""},"categories":[27,26],"tags":[],"class_list":["post-1764","post","type-post","status-publish","format-standard","has-post-thumbnail","hentry","category-acoes-igrejas-catolicas","category-vereador"],"_links":{"self":[{"href":"https:\/\/gustavopozzi.com.br\/index.php\/wp-json\/wp\/v2\/posts\/1764","targetHints":{"allow":["GET"]}}],"collection":[{"href":"https:\/\/gustavopozzi.com.br\/index.php\/wp-json\/wp\/v2\/posts"}],"about":[{"href":"https:\/\/gustavopozzi.com.br\/index.php\/wp-json\/wp\/v2\/types\/post"}],"author":[{"embeddable":true,"href":"https:\/\/gustavopozzi.com.br\/index.php\/wp-json\/wp\/v2\/users\/4"}],"replies":[{"embeddable":true,"href":"https:\/\/gustavopozzi.com.br\/index.php\/wp-json\/wp\/v2\/comments?post=1764"}],"version-history":[{"count":1,"href":"https:\/\/gustavopozzi.com.br\/index.php\/wp-json\/wp\/v2\/posts\/1764\/revisions"}],"predecessor-version":[{"id":1766,"href":"https:\/\/gustavopozzi.com.br\/index.php\/wp-json\/wp\/v2\/posts\/1764\/revisions\/1766"}],"wp:featuredmedia":[{"embeddable":true,"href":"https:\/\/gustavopozzi.com.br\/index.php\/wp-json\/wp\/v2\/media\/1765"}],"wp:attachment":[{"href":"https:\/\/gustavopozzi.com.br\/index.php\/wp-json\/wp\/v2\/media?parent=1764"}],"wp:term":[{"taxonomy":"category","embeddable":true,"href":"https:\/\/gustavopozzi.com.br\/index.php\/wp-json\/wp\/v2\/categories?post=1764"},{"taxonomy":"post_tag","embeddable":true,"href":"https:\/\/gustavopozzi.com.br\/index.php\/wp-json\/wp\/v2\/tags?post=1764"}],"curies":[{"name":"wp","href":"https:\/\/api.w.org\/{rel}","templated":true}]}}