{"id":1702,"date":"2024-01-03T14:06:15","date_gmt":"2024-01-03T17:06:15","guid":{"rendered":"https:\/\/gustavopozzi.com.br\/?p=1702"},"modified":"2024-01-03T14:06:15","modified_gmt":"2024-01-03T17:06:15","slug":"113-anos-da-diocese-de-sao-carlos","status":"publish","type":"post","link":"https:\/\/gustavopozzi.com.br\/index.php\/2024\/01\/03\/113-anos-da-diocese-de-sao-carlos\/","title":{"rendered":"113 anos da Diocese de S\u00e3o Carlos"},"content":{"rendered":"\n<p>No dia 07\/06\/21, celebramos 113 anos de nossa Diocese de S\u00e3o Carlos.  Um louvor especial a Deus, pela igreja viva que acolhe e ensina o caminho da f\u00e9 para todos os fi\u00e9is.<\/p>\n\n\n\n<p>A todos os Bispos, Presb\u00edteros, Religiosos (as), Di\u00e1conos, Seminaristas, Leigos (as), que fizeram e fazem parte desta hist\u00f3ria, deixando um legado de frutos e amor ao nosso Senhor, desejo que S\u00e3o Carlos Borromeu, nosso padroeiro, auxilie sempre neste caminho, dando continuidade nesta obra iluminada da nossa amada Igreja de S\u00e3o Carlos.<\/p>\n\n\n\n<p>Parab\u00e9ns!!!!!!<\/p>\n\n\n\n<figure class=\"wp-block-image size-full\"><img fetchpriority=\"high\" decoding=\"async\" width=\"910\" height=\"506\" src=\"https:\/\/gustavopozzi.com.br\/wp-content\/uploads\/2024\/01\/113-anos-diocese.jpg\" alt=\"\" class=\"wp-image-1703\" srcset=\"https:\/\/gustavopozzi.com.br\/wp-content\/uploads\/2024\/01\/113-anos-diocese.jpg 910w, https:\/\/gustavopozzi.com.br\/wp-content\/uploads\/2024\/01\/113-anos-diocese-300x167.jpg 300w, https:\/\/gustavopozzi.com.br\/wp-content\/uploads\/2024\/01\/113-anos-diocese-768x427.jpg 768w\" sizes=\"(max-width: 910px) 100vw, 910px\" \/><\/figure>\n","protected":false},"excerpt":{"rendered":"<p>No dia 07\/06\/21, celebramos 113 anos de nossa Diocese de S\u00e3o Carlos. Um louvor especial a Deus, pela igreja viva que acolhe e ensina o caminho da f\u00e9 para todos &#8230;<\/p>\n","protected":false},"author":4,"featured_media":1703,"comment_status":"closed","ping_status":"open","sticky":false,"template":"","format":"standard","meta":{"footnotes":""},"categories":[27,26],"tags":[],"class_list":["post-1702","post","type-post","status-publish","format-standard","has-post-thumbnail","hentry","category-acoes-igrejas-catolicas","category-vereador"],"_links":{"self":[{"href":"https:\/\/gustavopozzi.com.br\/index.php\/wp-json\/wp\/v2\/posts\/1702","targetHints":{"allow":["GET"]}}],"collection":[{"href":"https:\/\/gustavopozzi.com.br\/index.php\/wp-json\/wp\/v2\/posts"}],"about":[{"href":"https:\/\/gustavopozzi.com.br\/index.php\/wp-json\/wp\/v2\/types\/post"}],"author":[{"embeddable":true,"href":"https:\/\/gustavopozzi.com.br\/index.php\/wp-json\/wp\/v2\/users\/4"}],"replies":[{"embeddable":true,"href":"https:\/\/gustavopozzi.com.br\/index.php\/wp-json\/wp\/v2\/comments?post=1702"}],"version-history":[{"count":1,"href":"https:\/\/gustavopozzi.com.br\/index.php\/wp-json\/wp\/v2\/posts\/1702\/revisions"}],"predecessor-version":[{"id":1704,"href":"https:\/\/gustavopozzi.com.br\/index.php\/wp-json\/wp\/v2\/posts\/1702\/revisions\/1704"}],"wp:featuredmedia":[{"embeddable":true,"href":"https:\/\/gustavopozzi.com.br\/index.php\/wp-json\/wp\/v2\/media\/1703"}],"wp:attachment":[{"href":"https:\/\/gustavopozzi.com.br\/index.php\/wp-json\/wp\/v2\/media?parent=1702"}],"wp:term":[{"taxonomy":"category","embeddable":true,"href":"https:\/\/gustavopozzi.com.br\/index.php\/wp-json\/wp\/v2\/categories?post=1702"},{"taxonomy":"post_tag","embeddable":true,"href":"https:\/\/gustavopozzi.com.br\/index.php\/wp-json\/wp\/v2\/tags?post=1702"}],"curies":[{"name":"wp","href":"https:\/\/api.w.org\/{rel}","templated":true}]}}