{"id":1699,"date":"2024-01-03T13:58:21","date_gmt":"2024-01-03T16:58:21","guid":{"rendered":"https:\/\/gustavopozzi.com.br\/?p=1699"},"modified":"2024-01-03T13:58:21","modified_gmt":"2024-01-03T16:58:21","slug":"uma-das-funcoes-do-vereador-e-fiscalizar-o-poder-executivo","status":"publish","type":"post","link":"https:\/\/gustavopozzi.com.br\/index.php\/2024\/01\/03\/uma-das-funcoes-do-vereador-e-fiscalizar-o-poder-executivo\/","title":{"rendered":"UMA DAS FUN\u00c7\u00d5ES DO VEREADOR \u00c9 FISCALIZAR O PODER EXECUTIVO."},"content":{"rendered":"\n<p>Requerimentos em destaque na sess\u00e3o do dia 18 de maio de 2021.<\/p>\n\n\n\n<p><a><\/a>-Informa\u00e7\u00f5es sobre a(s) empresa(s) que presta(m) servi\u00e7os de sa\u00fade no \u201cCovid\u00e1rio\u201d localizado no Milton Olaio.<\/p>\n\n\n\n<p>&#8211; Informa\u00e7\u00f5es sobre a elabora\u00e7\u00e3o do planejamento de transporte e remo\u00e7\u00e3o dos pacientes no Munic\u00edpio de S\u00e3o Carlos\/SP.<\/p>\n\n\n\n<p>&#8211; Informa\u00e7\u00f5es sobre os servidores e funcion\u00e1rios municipais em raz\u00e3o do COVID-19.<\/p>\n\n\n\n<p>&#8211; Informa\u00e7\u00f5es sobre o Programa REFIS no ano de 2021.<\/p>\n\n\n\n<figure class=\"wp-block-image size-full\"><img fetchpriority=\"high\" decoding=\"async\" width=\"843\" height=\"507\" src=\"https:\/\/gustavopozzi.com.br\/wp-content\/uploads\/2024\/01\/fiscalizar-2.jpg\" alt=\"\" class=\"wp-image-1700\" srcset=\"https:\/\/gustavopozzi.com.br\/wp-content\/uploads\/2024\/01\/fiscalizar-2.jpg 843w, https:\/\/gustavopozzi.com.br\/wp-content\/uploads\/2024\/01\/fiscalizar-2-300x180.jpg 300w, https:\/\/gustavopozzi.com.br\/wp-content\/uploads\/2024\/01\/fiscalizar-2-768x462.jpg 768w\" sizes=\"(max-width: 843px) 100vw, 843px\" \/><\/figure>\n","protected":false},"excerpt":{"rendered":"<p>Requerimentos em destaque na sess\u00e3o do dia 18 de maio de 2021. -Informa\u00e7\u00f5es sobre a(s) empresa(s) que presta(m) servi\u00e7os de sa\u00fade no \u201cCovid\u00e1rio\u201d localizado no Milton Olaio. &#8211; Informa\u00e7\u00f5es sobre &#8230;<\/p>\n","protected":false},"author":4,"featured_media":1700,"comment_status":"closed","ping_status":"open","sticky":false,"template":"","format":"standard","meta":{"footnotes":""},"categories":[26],"tags":[],"class_list":["post-1699","post","type-post","status-publish","format-standard","has-post-thumbnail","hentry","category-vereador"],"_links":{"self":[{"href":"https:\/\/gustavopozzi.com.br\/index.php\/wp-json\/wp\/v2\/posts\/1699","targetHints":{"allow":["GET"]}}],"collection":[{"href":"https:\/\/gustavopozzi.com.br\/index.php\/wp-json\/wp\/v2\/posts"}],"about":[{"href":"https:\/\/gustavopozzi.com.br\/index.php\/wp-json\/wp\/v2\/types\/post"}],"author":[{"embeddable":true,"href":"https:\/\/gustavopozzi.com.br\/index.php\/wp-json\/wp\/v2\/users\/4"}],"replies":[{"embeddable":true,"href":"https:\/\/gustavopozzi.com.br\/index.php\/wp-json\/wp\/v2\/comments?post=1699"}],"version-history":[{"count":1,"href":"https:\/\/gustavopozzi.com.br\/index.php\/wp-json\/wp\/v2\/posts\/1699\/revisions"}],"predecessor-version":[{"id":1701,"href":"https:\/\/gustavopozzi.com.br\/index.php\/wp-json\/wp\/v2\/posts\/1699\/revisions\/1701"}],"wp:featuredmedia":[{"embeddable":true,"href":"https:\/\/gustavopozzi.com.br\/index.php\/wp-json\/wp\/v2\/media\/1700"}],"wp:attachment":[{"href":"https:\/\/gustavopozzi.com.br\/index.php\/wp-json\/wp\/v2\/media?parent=1699"}],"wp:term":[{"taxonomy":"category","embeddable":true,"href":"https:\/\/gustavopozzi.com.br\/index.php\/wp-json\/wp\/v2\/categories?post=1699"},{"taxonomy":"post_tag","embeddable":true,"href":"https:\/\/gustavopozzi.com.br\/index.php\/wp-json\/wp\/v2\/tags?post=1699"}],"curies":[{"name":"wp","href":"https:\/\/api.w.org\/{rel}","templated":true}]}}