{"id":1687,"date":"2024-01-03T13:39:21","date_gmt":"2024-01-03T16:39:21","guid":{"rendered":"https:\/\/gustavopozzi.com.br\/?p=1687"},"modified":"2024-01-03T13:39:21","modified_gmt":"2024-01-03T16:39:21","slug":"vereador-gustavo-pozzi-destina-recurso-para-revitalizacao-da-praca-em-frente-a-igreja-santo-antonio-na-vila-prado","status":"publish","type":"post","link":"https:\/\/gustavopozzi.com.br\/index.php\/2024\/01\/03\/vereador-gustavo-pozzi-destina-recurso-para-revitalizacao-da-praca-em-frente-a-igreja-santo-antonio-na-vila-prado\/","title":{"rendered":"Vereador Gustavo Pozzi destina recurso para revitaliza\u00e7\u00e3o da Pra\u00e7a em frente a Igreja Santo Ant\u00f4nio na Vila Prado."},"content":{"rendered":"\n<p>Na noite do dia 29\/04\/21, o vereador Gustavo Pozzi (PL), o secret\u00e1rio municipal de Servi\u00e7os P\u00fablicos Mariel Olmo e o C\u00f4nego Aymor\u00e9 Rocha Junior, P\u00e1roco da Par\u00f3quia Santo Ant\u00f4nio de P\u00e1dua, acompanharam a conclus\u00e3o da revitaliza\u00e7\u00e3o da pra\u00e7a ao redor da Par\u00f3quia.<\/p>\n\n\n\n<p>Essa a\u00e7\u00e3o em conjunto entre o parlamentar Gustavo Pozzi que destinou parte de sua emenda <a><\/a>junto com o secret\u00e1rio Mariel Olmo, resultou numa pra\u00e7a mais iluminada, limpa, trazendo maior seguran\u00e7a para toda a comunidade que passa pela pra\u00e7a, para os comerciantes ao redor e para Igreja com um local mais aconchegante e seguro para os seus fi\u00e9is.<\/p>\n\n\n\n<p>Esta regi\u00e3o que v\u00eam sendo transformada com a nova ilumina\u00e7\u00e3o das vias p\u00fablicas com l\u00e2mpadas de LED, agora chegou na pra\u00e7a da par\u00f3quia, com l\u00e2mpadas em LED fotovoltaicas. Uma solu\u00e7\u00e3o sustent\u00e1vel, com redu\u00e7\u00e3o no gasto de energia e melhor qualidade na ilumina\u00e7\u00e3o.<\/p>\n\n\n\n<figure class=\"wp-block-image size-full\"><img fetchpriority=\"high\" decoding=\"async\" width=\"521\" height=\"540\" src=\"https:\/\/gustavopozzi.com.br\/wp-content\/uploads\/2024\/01\/praca-santo-antonio.jpg\" alt=\"\" class=\"wp-image-1688\" srcset=\"https:\/\/gustavopozzi.com.br\/wp-content\/uploads\/2024\/01\/praca-santo-antonio.jpg 521w, https:\/\/gustavopozzi.com.br\/wp-content\/uploads\/2024\/01\/praca-santo-antonio-289x300.jpg 289w\" sizes=\"(max-width: 521px) 100vw, 521px\" \/><\/figure>\n","protected":false},"excerpt":{"rendered":"<p>Na noite do dia 29\/04\/21, o vereador Gustavo Pozzi (PL), o secret\u00e1rio municipal de Servi\u00e7os P\u00fablicos Mariel Olmo e o C\u00f4nego Aymor\u00e9 Rocha Junior, P\u00e1roco da Par\u00f3quia Santo Ant\u00f4nio de &#8230;<\/p>\n","protected":false},"author":4,"featured_media":1688,"comment_status":"closed","ping_status":"open","sticky":false,"template":"","format":"standard","meta":{"footnotes":""},"categories":[27,26],"tags":[],"class_list":["post-1687","post","type-post","status-publish","format-standard","has-post-thumbnail","hentry","category-acoes-igrejas-catolicas","category-vereador"],"_links":{"self":[{"href":"https:\/\/gustavopozzi.com.br\/index.php\/wp-json\/wp\/v2\/posts\/1687","targetHints":{"allow":["GET"]}}],"collection":[{"href":"https:\/\/gustavopozzi.com.br\/index.php\/wp-json\/wp\/v2\/posts"}],"about":[{"href":"https:\/\/gustavopozzi.com.br\/index.php\/wp-json\/wp\/v2\/types\/post"}],"author":[{"embeddable":true,"href":"https:\/\/gustavopozzi.com.br\/index.php\/wp-json\/wp\/v2\/users\/4"}],"replies":[{"embeddable":true,"href":"https:\/\/gustavopozzi.com.br\/index.php\/wp-json\/wp\/v2\/comments?post=1687"}],"version-history":[{"count":1,"href":"https:\/\/gustavopozzi.com.br\/index.php\/wp-json\/wp\/v2\/posts\/1687\/revisions"}],"predecessor-version":[{"id":1689,"href":"https:\/\/gustavopozzi.com.br\/index.php\/wp-json\/wp\/v2\/posts\/1687\/revisions\/1689"}],"wp:featuredmedia":[{"embeddable":true,"href":"https:\/\/gustavopozzi.com.br\/index.php\/wp-json\/wp\/v2\/media\/1688"}],"wp:attachment":[{"href":"https:\/\/gustavopozzi.com.br\/index.php\/wp-json\/wp\/v2\/media?parent=1687"}],"wp:term":[{"taxonomy":"category","embeddable":true,"href":"https:\/\/gustavopozzi.com.br\/index.php\/wp-json\/wp\/v2\/categories?post=1687"},{"taxonomy":"post_tag","embeddable":true,"href":"https:\/\/gustavopozzi.com.br\/index.php\/wp-json\/wp\/v2\/tags?post=1687"}],"curies":[{"name":"wp","href":"https:\/\/api.w.org\/{rel}","templated":true}]}}