{"id":1669,"date":"2024-01-03T10:50:03","date_gmt":"2024-01-03T13:50:03","guid":{"rendered":"https:\/\/gustavopozzi.com.br\/?p=1669"},"modified":"2024-01-03T10:50:03","modified_gmt":"2024-01-03T13:50:03","slug":"trabalho-serio-100-dias-do-segundo-mandato","status":"publish","type":"post","link":"https:\/\/gustavopozzi.com.br\/index.php\/2024\/01\/03\/trabalho-serio-100-dias-do-segundo-mandato\/","title":{"rendered":"TRABALHO S\u00c9RIO &#8211; 100 DIAS DO SEGUNDO MANDATO"},"content":{"rendered":"\n<p>Mo\u00e7\u00e3o que manifesta apelo ao Governo do Estado de S\u00e3o Paulo para incluir professores com menos de 47 anos de idade e que fazem parte do grupo de risco sejam inclu\u00eddos no plano de imuniza\u00e7\u00e3o do COVID-19.<\/p>\n\n\n\n<p>Utiliza\u00e7\u00e3o EMEB Carmine Botta como ponto de vacina\u00e7\u00e3o.<\/p>\n\n\n\n<p>Solicita ao Deputado Estadual Rafa Zimbaldi recursos para a sa\u00fade em S\u00e3o Carlos e para o Cantinho Fraterno.<\/p>\n\n\n\n<p><a><\/a>Utiliza\u00e7\u00e3o do Est\u00e1dio do Luis\u00e3o como ponto de vacina\u00e7\u00e3o contra a covid.<\/p>\n\n\n\n<p>Fiscaliza\u00e7\u00e3o da vacina\u00e7\u00e3o e denuncia de lentid\u00e3o, desorganiza\u00e7\u00e3o e aglomera\u00e7\u00e3o nos primeiros dias de vacina\u00e7\u00e3o dos idosos.<\/p>\n\n\n\n<p>Para reivindicar melhorias para a cidade de S\u00e3o Carlos teve v\u00e1rias reuni\u00f5es com secret\u00e1rios municipais.<\/p>\n\n\n\n<p>Denunciou eventuais irregularidades no pagamento de horas-extras do SAAE.<\/p>\n\n\n\n<p>Foi eleito, pelos vereadores, presidente da Comiss\u00e3o Legisla\u00e7\u00e3o, Justi\u00e7a, Reda\u00e7\u00e3o e Legisla\u00e7\u00e3o Participativa (Comiss\u00e3o mais importante da C\u00e2mara Municipal).<\/p>\n\n\n\n<p>Reuniu-se com secret\u00e1rio Tundisi para tratar sobre a regi\u00e3o do Bic\u00e3o.<\/p>\n\n\n\n<p>Destinou emenda parlamentar para a revitaliza\u00e7\u00e3o da pra\u00e7a em frente a Igreja Santo Ant\u00f4nio.<\/p>\n\n\n\n<p>Reuniu-se com o secret\u00e1rio de Transporte e Transito para tratar sobre melhorias no transito da Vila Prado.<\/p>\n\n\n\n<p>Acompanhamento do primeiro dia da vacina\u00e7\u00e3o dos professores<\/p>\n\n\n\n<p>Apoio a Cultura.<\/p>\n\n\n\n<p>Acompanhand<\/p>\n\n\n\n<p>Entidades que receber\u00e3o emendas parlamentares do vereador Gustavo Pozzi<\/p>\n\n\n\n<p>Amigos S\u00e3o Judas Tadeu<\/p>\n\n\n\n<p>Bom Samaritano<\/p>\n\n\n\n<p>Cantinho Fraterno<\/p>\n\n\n\n<p>Creche Aracy Pereira Lopes<\/p>\n\n\n\n<p>S\u00e3o Pedro July\u00e3o<\/p>\n\n\n\n<p>Associa\u00e7\u00e3o Wada de Karat\u00ea<\/p>\n\n\n\n<p>Creche Divina Provid\u00eancia (Santa Isabel)<\/p>\n\n\n\n<figure class=\"wp-block-image size-full\"><img fetchpriority=\"high\" decoding=\"async\" width=\"720\" height=\"511\" src=\"https:\/\/gustavopozzi.com.br\/wp-content\/uploads\/2024\/01\/100-dias-2-mandato.jpg\" alt=\"\" class=\"wp-image-1670\" srcset=\"https:\/\/gustavopozzi.com.br\/wp-content\/uploads\/2024\/01\/100-dias-2-mandato.jpg 720w, https:\/\/gustavopozzi.com.br\/wp-content\/uploads\/2024\/01\/100-dias-2-mandato-300x213.jpg 300w\" sizes=\"(max-width: 720px) 100vw, 720px\" \/><\/figure>\n","protected":false},"excerpt":{"rendered":"<p>Mo\u00e7\u00e3o que manifesta apelo ao Governo do Estado de S\u00e3o Paulo para incluir professores com menos de 47 anos de idade e que fazem parte do grupo de risco sejam &#8230;<\/p>\n","protected":false},"author":4,"featured_media":1670,"comment_status":"closed","ping_status":"open","sticky":false,"template":"","format":"standard","meta":{"footnotes":""},"categories":[26],"tags":[],"class_list":["post-1669","post","type-post","status-publish","format-standard","has-post-thumbnail","hentry","category-vereador"],"_links":{"self":[{"href":"https:\/\/gustavopozzi.com.br\/index.php\/wp-json\/wp\/v2\/posts\/1669","targetHints":{"allow":["GET"]}}],"collection":[{"href":"https:\/\/gustavopozzi.com.br\/index.php\/wp-json\/wp\/v2\/posts"}],"about":[{"href":"https:\/\/gustavopozzi.com.br\/index.php\/wp-json\/wp\/v2\/types\/post"}],"author":[{"embeddable":true,"href":"https:\/\/gustavopozzi.com.br\/index.php\/wp-json\/wp\/v2\/users\/4"}],"replies":[{"embeddable":true,"href":"https:\/\/gustavopozzi.com.br\/index.php\/wp-json\/wp\/v2\/comments?post=1669"}],"version-history":[{"count":1,"href":"https:\/\/gustavopozzi.com.br\/index.php\/wp-json\/wp\/v2\/posts\/1669\/revisions"}],"predecessor-version":[{"id":1671,"href":"https:\/\/gustavopozzi.com.br\/index.php\/wp-json\/wp\/v2\/posts\/1669\/revisions\/1671"}],"wp:featuredmedia":[{"embeddable":true,"href":"https:\/\/gustavopozzi.com.br\/index.php\/wp-json\/wp\/v2\/media\/1670"}],"wp:attachment":[{"href":"https:\/\/gustavopozzi.com.br\/index.php\/wp-json\/wp\/v2\/media?parent=1669"}],"wp:term":[{"taxonomy":"category","embeddable":true,"href":"https:\/\/gustavopozzi.com.br\/index.php\/wp-json\/wp\/v2\/categories?post=1669"},{"taxonomy":"post_tag","embeddable":true,"href":"https:\/\/gustavopozzi.com.br\/index.php\/wp-json\/wp\/v2\/tags?post=1669"}],"curies":[{"name":"wp","href":"https:\/\/api.w.org\/{rel}","templated":true}]}}