{"id":1660,"date":"2024-01-03T10:31:05","date_gmt":"2024-01-03T13:31:05","guid":{"rendered":"https:\/\/gustavopozzi.com.br\/?p=1660"},"modified":"2024-01-03T10:31:05","modified_gmt":"2024-01-03T13:31:05","slug":"vila-prado","status":"publish","type":"post","link":"https:\/\/gustavopozzi.com.br\/index.php\/2024\/01\/03\/vila-prado\/","title":{"rendered":"Vila Prado"},"content":{"rendered":"\n<p>No dia 24\/03\/21, Come\u00e7ou a revitaliza\u00e7\u00e3o da pra\u00e7a em frente a Par\u00f3quia Santo Ant\u00f4nio.<\/p>\n\n\n\n<p>Essa pra\u00e7a \u00e9 um s\u00edmbolo da Vila Prado.<\/p>\n\n\n\n<p>Essa revitaliza\u00e7\u00e3o \u00e9 uma parceria do meu mandato com a Prefeitura Municipal.<\/p>\n\n\n\n<figure class=\"wp-block-image size-full\"><img fetchpriority=\"high\" decoding=\"async\" width=\"526\" height=\"526\" src=\"https:\/\/gustavopozzi.com.br\/wp-content\/uploads\/2024\/01\/vila-prado.jpg\" alt=\"\" class=\"wp-image-1661\" srcset=\"https:\/\/gustavopozzi.com.br\/wp-content\/uploads\/2024\/01\/vila-prado.jpg 526w, https:\/\/gustavopozzi.com.br\/wp-content\/uploads\/2024\/01\/vila-prado-300x300.jpg 300w, https:\/\/gustavopozzi.com.br\/wp-content\/uploads\/2024\/01\/vila-prado-150x150.jpg 150w\" sizes=\"(max-width: 526px) 100vw, 526px\" \/><\/figure>\n","protected":false},"excerpt":{"rendered":"<p>No dia 24\/03\/21, Come\u00e7ou a revitaliza\u00e7\u00e3o da pra\u00e7a em frente a Par\u00f3quia Santo Ant\u00f4nio. Essa pra\u00e7a \u00e9 um s\u00edmbolo da Vila Prado. Essa revitaliza\u00e7\u00e3o \u00e9 uma parceria do meu mandato &#8230;<\/p>\n","protected":false},"author":4,"featured_media":1661,"comment_status":"closed","ping_status":"open","sticky":false,"template":"","format":"standard","meta":{"footnotes":""},"categories":[27,26],"tags":[],"class_list":["post-1660","post","type-post","status-publish","format-standard","has-post-thumbnail","hentry","category-acoes-igrejas-catolicas","category-vereador"],"_links":{"self":[{"href":"https:\/\/gustavopozzi.com.br\/index.php\/wp-json\/wp\/v2\/posts\/1660","targetHints":{"allow":["GET"]}}],"collection":[{"href":"https:\/\/gustavopozzi.com.br\/index.php\/wp-json\/wp\/v2\/posts"}],"about":[{"href":"https:\/\/gustavopozzi.com.br\/index.php\/wp-json\/wp\/v2\/types\/post"}],"author":[{"embeddable":true,"href":"https:\/\/gustavopozzi.com.br\/index.php\/wp-json\/wp\/v2\/users\/4"}],"replies":[{"embeddable":true,"href":"https:\/\/gustavopozzi.com.br\/index.php\/wp-json\/wp\/v2\/comments?post=1660"}],"version-history":[{"count":1,"href":"https:\/\/gustavopozzi.com.br\/index.php\/wp-json\/wp\/v2\/posts\/1660\/revisions"}],"predecessor-version":[{"id":1662,"href":"https:\/\/gustavopozzi.com.br\/index.php\/wp-json\/wp\/v2\/posts\/1660\/revisions\/1662"}],"wp:featuredmedia":[{"embeddable":true,"href":"https:\/\/gustavopozzi.com.br\/index.php\/wp-json\/wp\/v2\/media\/1661"}],"wp:attachment":[{"href":"https:\/\/gustavopozzi.com.br\/index.php\/wp-json\/wp\/v2\/media?parent=1660"}],"wp:term":[{"taxonomy":"category","embeddable":true,"href":"https:\/\/gustavopozzi.com.br\/index.php\/wp-json\/wp\/v2\/categories?post=1660"},{"taxonomy":"post_tag","embeddable":true,"href":"https:\/\/gustavopozzi.com.br\/index.php\/wp-json\/wp\/v2\/tags?post=1660"}],"curies":[{"name":"wp","href":"https:\/\/api.w.org\/{rel}","templated":true}]}}