{"id":1654,"date":"2024-01-03T10:20:32","date_gmt":"2024-01-03T13:20:32","guid":{"rendered":"https:\/\/gustavopozzi.com.br\/?p=1654"},"modified":"2024-01-03T10:20:32","modified_gmt":"2024-01-03T13:20:32","slug":"deputado-miguel-lombardi-recebeu-o-titulo-de-cidadao-saocarlense","status":"publish","type":"post","link":"https:\/\/gustavopozzi.com.br\/index.php\/2024\/01\/03\/deputado-miguel-lombardi-recebeu-o-titulo-de-cidadao-saocarlense\/","title":{"rendered":"Deputado Miguel Lombardi recebeu o t\u00edtulo de cidad\u00e3o S\u00e3ocarlense."},"content":{"rendered":"\n<p>Na sess\u00e3o da C\u00e2mara Municipal de S\u00e3o Carlos, do dia 09\/03\/21,  foi concedido o T\u00edtulo de Cidad\u00e3o S\u00e3ocarlense para o Deputado Miguel Lombardi.<\/p>\n\n\n\n<p>Miguel nasceu em janeiro de 1964. Iniciou a vida profissional em 1983 como escritur\u00e1rio no Banco Sul Brasileiro e seguiu trabalhando na mesma empresa at\u00e9 1989. Per\u00edodo necess\u00e1rio para juntar suas economias e fundar seu pr\u00f3prio neg\u00f3cio. Em 1990 criou um empreendimento no ramo <a><\/a>de artefatos de borracha e cimento. Seguiu na atividade at\u00e9 1997. Sempre buscando novas oportunidades de neg\u00f3cio, come\u00e7ou a atuar como corretor de im\u00f3veis. \u00c9 graduado e p\u00f3s-graduando em gest\u00e3o p\u00fablica.<\/p>\n\n\n\n<p>Miguel \u00e9 vicentino h\u00e1 mais de 20 anos e atuou como volunt\u00e1rio em diversos entidades assist\u00eancias de Limeira e do interior paulista.<\/p>\n\n\n\n<p>Foi eleito vereador pela primeira vez no ano de 2000. Com mandato testado e aprovado pela popula\u00e7\u00e3o foi reeleito, consecutivamente, nos pleitos de 2004, 2008 e 2012. Elaborou leis que mudaram para melhorar a vida das pessoas: Bolsa-Creche, Proibi\u00e7\u00e3o da Cobran\u00e7a da Taxa de Religa\u00e7\u00e3o de \u00c1gua, Parcelamento das Taxas de Alvar\u00e1s e Vigil\u00e2ncia Sanit\u00e1ria.<\/p>\n\n\n\n<p>Exerce atualmente o segundo mandato de deputado federal na C\u00e2mara dos Deputados. Ele \u00e9 membro titular da Comiss\u00e3o de Seguridade Social e Fam\u00edlia (CSSF).<\/p>\n\n\n\n<p>Entre os deputados reeleitos para a 56\u00aa Legislatura, o deputado Miguel est\u00e1 entre os 10 deputados federais mais bem votados do pa\u00eds. Ele foi avaliado pelo site Ranking dos Pol\u00edticos (<a href=\"https:\/\/l.facebook.com\/l.php?u=http%3A%2F%2Fwww.politicos.org.br%2F%3Ffbclid%3DIwAR3XjNEkZJ3yam7jk5v6qUs_5wRGbKBjer4WvOMI3jABAjktPH-9eKjSUUU&amp;h=AT0RahKLWQyyOSpogBEyrxsHq4IeCnQZwaffJ5MKHvhUHzh3Y9hyhXZANZVdaT71KXUODomur6hRQKug1IHMpPYLCr3NxlpWn3soQfjDyCgoKvcsQWYD09brxVGc60K7Asdt&amp;__tn__=-UK-R&amp;c[0]=AT09QH3pqrb01rS5Cacwgi4ZEEmHOkRy9QIvOH-l7DqNxR3XG9j3VRA09-PsGmgWDKILf-X3ymVmrqBHYyolbMAq1y7BkyWG_mqNdk6XEy0v0IUy2Zloq-AJzsplwyV_Gr3la2LmQ8VEXg0j9X6MLEscxKBCafUA3PyZFUej1Sp1leEM-cFuMVlOAgho6WSLc1mxEPGxPiVG4Q\" rel=\"noreferrer noopener\" target=\"_blank\">www.politicos.org.br<\/a>) como o deputado mais eficiente do Brasil em 2017. Miguel foi vereador por quatro mandatos consecutivos em Limeira. Ele est\u00e1 na vida p\u00fablica h\u00e1 duas d\u00e9cadas e mant\u00e9m a ficha limpa.<\/p>\n\n\n\n<p>Na C\u00e2mara dos Deputados j\u00e1 apresentou 36 projetos de lei. A maioria das proposituras buscam fortalecer o terceiro setor, defender pol\u00edticas p\u00fablicas para hospitais e santas casas do interior paulista.<\/p>\n\n\n\n<p>Entre as proposituras em destaque est\u00e3o o PL 1029\/20 que transfere R$ 2 bilh\u00f5es do \u2018Fund\u00e3o\u2019 (Fundo Especial de Financiamentos de Campanha) para o combate ao sars-cov-2 e do PL 4639\/2016 que autoriza o uso da fosfoetanolamina (P\u00edlula do C\u00e2ncer) para tratamento de pessoas diagnosticadas com c\u00e2ncer.<\/p>\n\n\n\n<p>Lombardi integra a Frente Parlamentar das Santas Casas do Congresso e tem conseguido ajudar na estrutura\u00e7\u00e3o das santas casas do interior paulista. Tem destacada atua\u00e7\u00e3o na destina\u00e7\u00e3o de emendas para ajudar na compra de ambul\u00e2ncias e tamb\u00e9m na estrutura\u00e7\u00e3o do servi\u00e7o de sa\u00fade focado no diagn\u00f3stico e tratamento de pessoas com c\u00e2ncer.<\/p>\n\n\n\n<p>O deputado Miguel \u00e9 o \u00fanico parlamentar vicentino do Congresso Nacional. Ele j\u00e1 destinou mais de R$ 11 milh\u00f5es em recursos para Obras Unidas da Sociedade de S\u00e3o Vicente de Paulo \u2013 que s\u00e3o entidades que abrigam idosos em situa\u00e7\u00e3o de pobreza, dirigem creches e mant\u00e9m hospitais filantr\u00f3picos. Este volume de verbas federais \u00e9 in\u00e9dito na hist\u00f3ria da SSVP desde a sua funda\u00e7\u00e3o.<\/p>\n\n\n\n<p>Em S\u00e3o Carlos Deputado Miguel destinou R$450 mil para o Cantinho Fraterno (Obra Unida da Sociedade de S\u00e3o Vicente de Paulo), destinou tamb\u00e9m R$ 600 mil reais para investir na sa\u00fade de S\u00e3o Carlos, sendo destes R$ 400 mil foram para a Santa Casa de S\u00e3o Carlos.<\/p>\n\n\n\n<figure class=\"wp-block-image size-full\"><img fetchpriority=\"high\" decoding=\"async\" width=\"640\" height=\"480\" src=\"https:\/\/gustavopozzi.com.br\/wp-content\/uploads\/2024\/01\/Miguel-titulo-cidadao.jpg\" alt=\"\" class=\"wp-image-1655\" srcset=\"https:\/\/gustavopozzi.com.br\/wp-content\/uploads\/2024\/01\/Miguel-titulo-cidadao.jpg 640w, https:\/\/gustavopozzi.com.br\/wp-content\/uploads\/2024\/01\/Miguel-titulo-cidadao-300x225.jpg 300w\" sizes=\"(max-width: 640px) 100vw, 640px\" \/><\/figure>\n","protected":false},"excerpt":{"rendered":"<p>Na sess\u00e3o da C\u00e2mara Municipal de S\u00e3o Carlos, do dia 09\/03\/21, foi concedido o T\u00edtulo de Cidad\u00e3o S\u00e3ocarlense para o Deputado Miguel Lombardi. Miguel nasceu em janeiro de 1964. Iniciou &#8230;<\/p>\n","protected":false},"author":4,"featured_media":1655,"comment_status":"closed","ping_status":"open","sticky":false,"template":"","format":"standard","meta":{"footnotes":""},"categories":[26],"tags":[],"class_list":["post-1654","post","type-post","status-publish","format-standard","has-post-thumbnail","hentry","category-vereador"],"_links":{"self":[{"href":"https:\/\/gustavopozzi.com.br\/index.php\/wp-json\/wp\/v2\/posts\/1654","targetHints":{"allow":["GET"]}}],"collection":[{"href":"https:\/\/gustavopozzi.com.br\/index.php\/wp-json\/wp\/v2\/posts"}],"about":[{"href":"https:\/\/gustavopozzi.com.br\/index.php\/wp-json\/wp\/v2\/types\/post"}],"author":[{"embeddable":true,"href":"https:\/\/gustavopozzi.com.br\/index.php\/wp-json\/wp\/v2\/users\/4"}],"replies":[{"embeddable":true,"href":"https:\/\/gustavopozzi.com.br\/index.php\/wp-json\/wp\/v2\/comments?post=1654"}],"version-history":[{"count":1,"href":"https:\/\/gustavopozzi.com.br\/index.php\/wp-json\/wp\/v2\/posts\/1654\/revisions"}],"predecessor-version":[{"id":1656,"href":"https:\/\/gustavopozzi.com.br\/index.php\/wp-json\/wp\/v2\/posts\/1654\/revisions\/1656"}],"wp:featuredmedia":[{"embeddable":true,"href":"https:\/\/gustavopozzi.com.br\/index.php\/wp-json\/wp\/v2\/media\/1655"}],"wp:attachment":[{"href":"https:\/\/gustavopozzi.com.br\/index.php\/wp-json\/wp\/v2\/media?parent=1654"}],"wp:term":[{"taxonomy":"category","embeddable":true,"href":"https:\/\/gustavopozzi.com.br\/index.php\/wp-json\/wp\/v2\/categories?post=1654"},{"taxonomy":"post_tag","embeddable":true,"href":"https:\/\/gustavopozzi.com.br\/index.php\/wp-json\/wp\/v2\/tags?post=1654"}],"curies":[{"name":"wp","href":"https:\/\/api.w.org\/{rel}","templated":true}]}}